{"id":7898,"date":"2018-03-13T10:54:43","date_gmt":"2018-03-13T09:54:43","guid":{"rendered":"https:\/\/www.stikets.es\/blog\/?p=7898"},"modified":"2024-09-11T12:59:33","modified_gmt":"2024-09-11T10:59:33","slug":"regalos-personalizados-para-el-dia-del-padre","status":"publish","type":"post","link":"https:\/\/www.stikets.es\/blog\/regalos-personalizados-para-el-dia-del-padre\/","title":{"rendered":"Regalos personalizados para el D\u00eda del Padre"},"content":{"rendered":"<p><strong>El<\/strong><strong>\u00a019 de marzo se celebra el D\u00eda del Padre. <\/strong>Se trata de una tradici\u00f3n muy antigua que empez\u00f3 en la Edad Media. Antes de empezar a mostraros nuestras propuestas para sorprender en esta celebraci\u00f3n, te queremos dar las claves de <strong>\u00bfpor qu\u00e9 celebramos el D\u00eda del Padre?<\/strong><\/p>\n<p><strong>\u00bfQuieres saber porque el 19 de marzo se ha convertido en toda una tradici\u00f3n en nuestra cultura?<\/strong> \u00a1Vamos all\u00e1!<\/p>\n<p>Esta <strong>costumbre adoptada<\/strong> hoy en d\u00eda, viene como hemos dicho antes de la Edad Media <strong>en los pa\u00edses cat\u00f3licos<\/strong>. As\u00ed que podr\u00edamos decir que <strong>el D\u00eda del Padre empez\u00f3 con una connotaci\u00f3n religiosa<\/strong> <strong>que actualmente no la tiene<\/strong>.<\/p>\n<p><strong>Hoy en d\u00eda <\/strong><a href=\"http:\/\/www.fathersdaycelebration.com\/sonora-louise-smart-dodd.html\" target=\"_blank\" rel=\"noopener nofollow noreferrer\"><strong>celebramos el D\u00eda del Padre gracias a una mujer estadounidense llamada Sonora Luise Smart Dodd. <\/strong><\/a>Ella amaba tanto a su padre que <strong>dicidi\u00f3 movilizarse conjuntamente con asociaciones<\/strong>, para poner fecha a ese cari\u00f1o y respeto que ella sent\u00eda por su padre.<\/p>\n<p>Hay que mencionar que por aquella \u00e9poca ya exist\u00eda el D\u00eda de la Madre. Como curiosidad te diremos que Sonora quer\u00eda que el D\u00eda del Padre fuera el 5 de junio, fecha en la cumpl\u00eda a\u00f1os su padre. Pero finalmente <strong>Sonora consigui\u00f3 su objetivo de celebrar el D\u00eda del Padre de forma oficial un 19 de junio en los a\u00f1os 60<\/strong>. Has le\u00eddo bien, 19 de junio. En nuestro caso nos hemos quedado con el 19 de marzo porque se toma como ejemplo de hombre a San Jos\u00e9. Ahora que ya conoces los or\u00edgenes de esta festividad vamos con las sorpresas.<\/p>\n<h2 style=\"font-size: 1.3em;\"><strong>1. \u00bfC\u00f3mo hacer tarjetas del D\u00eda del Padre?<\/strong><\/h2>\n<p>Sabemos que las palabras dejan huellas, por esta raz\u00f3n <strong>os ense\u00f1amos c\u00f3mo crear unas bonitas y divertidas tarjetas que reflejen ese amor en el D\u00eda del Padre. <\/strong>Con cualquiera que elijas estamos seguros que dar\u00e1s en el centro de la diana.<\/p>\n<p><strong>\u00bfQuieres dise\u00f1ar tu propia tarjeta online gratuita?<\/strong> Puedes\u00a0<a href=\"https:\/\/www.canva.com\/\" target=\"_blank\" rel=\"noopener nofollow noreferrer\">usar la herramienta Canva.<\/a><\/p>\n<p><img loading=\"lazy\" decoding=\"async\" class=\"aligncenter wp-image-9911 size-large\" src=\"https:\/\/www.stikets.es\/blog\/wp-content\/uploads\/2018\/03\/NEWSLETTER_Creatividades-Stikets_Dia-del-padre_ES-1024x1024.png\" alt=\"\" width=\"800\" height=\"800\" srcset=\"https:\/\/www.stikets.es\/blog\/wp-content\/uploads\/2018\/03\/NEWSLETTER_Creatividades-Stikets_Dia-del-padre_ES-1024x1024.png 1024w, https:\/\/www.stikets.es\/blog\/wp-content\/uploads\/2018\/03\/NEWSLETTER_Creatividades-Stikets_Dia-del-padre_ES-300x300.png 300w, https:\/\/www.stikets.es\/blog\/wp-content\/uploads\/2018\/03\/NEWSLETTER_Creatividades-Stikets_Dia-del-padre_ES-150x150.png 150w, https:\/\/www.stikets.es\/blog\/wp-content\/uploads\/2018\/03\/NEWSLETTER_Creatividades-Stikets_Dia-del-padre_ES-768x768.png 768w, https:\/\/www.stikets.es\/blog\/wp-content\/uploads\/2018\/03\/NEWSLETTER_Creatividades-Stikets_Dia-del-padre_ES.png 1080w\" sizes=\"auto, (max-width: 800px) 100vw, 800px\" \/><\/p>\n<p>Esta herramienta est\u00e1 dise\u00f1ada exclusivamente para personas que no son expertas en el dise\u00f1o gr\u00e1fico.<\/p>\n<p>Su uso es f\u00e1cil e intuitivo. Adem\u00e1s si la musa de la imaginaci\u00f3n te abandona y estas con la mente bloqueda, <strong>Canva ofrece una serie de plantillas con la tem\u00e1tica de tu preferencia<\/strong>. En nuestro caso, celebrar por lo alto el D\u00eda del Padre.<\/p>\n<p><strong>Otra tarjeta del D\u00eda del Padre que os proponemos es descargarte nuestro imprimible<\/strong>, hecho con mucho mimo por parte de nuestros dise\u00f1adores.<\/p>\n<p><img loading=\"lazy\" decoding=\"async\" class=\"aligncenter wp-image-9913 size-large\" src=\"https:\/\/www.stikets.es\/blog\/wp-content\/uploads\/2018\/03\/22-Creatividades-Stikets-1080x1080-dia-del-padre-2-1024x1024.png\" alt=\"\" width=\"800\" height=\"800\" srcset=\"https:\/\/www.stikets.es\/blog\/wp-content\/uploads\/2018\/03\/22-Creatividades-Stikets-1080x1080-dia-del-padre-2-1024x1024.png 1024w, https:\/\/www.stikets.es\/blog\/wp-content\/uploads\/2018\/03\/22-Creatividades-Stikets-1080x1080-dia-del-padre-2-300x300.png 300w, https:\/\/www.stikets.es\/blog\/wp-content\/uploads\/2018\/03\/22-Creatividades-Stikets-1080x1080-dia-del-padre-2-150x150.png 150w, https:\/\/www.stikets.es\/blog\/wp-content\/uploads\/2018\/03\/22-Creatividades-Stikets-1080x1080-dia-del-padre-2-768x768.png 768w, https:\/\/www.stikets.es\/blog\/wp-content\/uploads\/2018\/03\/22-Creatividades-Stikets-1080x1080-dia-del-padre-2.png 1080w\" sizes=\"auto, (max-width: 800px) 100vw, 800px\" \/><\/p>\n<p>Pero atenci\u00f3n, puedes despertar la creatividad de tu peque coloreando juntos la tarjeta o hacer recortes de una revista antigua y hacer tu composici\u00f3n personal. Otra opci\u00f3n que se nos ocurre, es perfilar la imagen de nuestra tarjeta con cuerda de yute y combinarla con algunas de las alternativas que hemos mencionado.<\/p>\n<h2 style=\"font-size: 1.3em;\"><strong>1. Otros regalos para el D\u00eda del Padre<\/strong><\/h2>\n<p><strong>\u00bfTe gusta la fotograf\u00eda?, \u00bftienes una foto que te gustar\u00eda enmarcar para esa fecha?, o \u00bfquieres imprimir esa imagen que tanta ilusi\u00f3n te hace y exponerla en tu hogar, oficinas, etc?.\u00a0<\/strong><\/p>\n<p>Si has respondido \u00abs\u00ed\u00bb a algunas de estas preguntas. <strong>Puedes despertar tu imaginaci\u00f3n creando tus propios dise\u00f1os para <\/strong><a href=\"https:\/\/www.stikets.es\/vinilos\/portafotos-personalizados.html\" target=\"_blank\" rel=\"noopener noreferrer\"><strong>crear tu portafoto<\/strong><\/a><strong> o <\/strong><a href=\"https:\/\/www.stikets.es\/vinilos\/fotoadhesivos.html\"><strong>personalizar tu fotoadhesivo<\/strong><\/a><strong> y ponerlo en el sitio u objeto que m\u00e1s te guste<\/strong>.<\/p>\n<p><a href=\"https:\/\/www.stikets.es\/regalos-personalizados\/portafotos-personalizados\/portafoto-personalizado-en-madera-para-sobremesa.html\" target=\"_blank\" rel=\"noopener\"><img loading=\"lazy\" decoding=\"async\" class=\"size-full wp-image-15355 aligncenter\" src=\"https:\/\/www.stikets.es\/blog\/wp-content\/uploads\/2018\/03\/wood_tabletop_photo_panel_web_product_a.jpg.jpg\" alt=\"\" width=\"564\" height=\"564\" srcset=\"https:\/\/www.stikets.es\/blog\/wp-content\/uploads\/2018\/03\/wood_tabletop_photo_panel_web_product_a.jpg.jpg 564w, https:\/\/www.stikets.es\/blog\/wp-content\/uploads\/2018\/03\/wood_tabletop_photo_panel_web_product_a.jpg-300x300.jpg 300w, https:\/\/www.stikets.es\/blog\/wp-content\/uploads\/2018\/03\/wood_tabletop_photo_panel_web_product_a.jpg-150x150.jpg 150w\" sizes=\"auto, (max-width: 564px) 100vw, 564px\" \/><\/a><\/p>\n<p><strong>Si te ha gustado o tienes otras propuestas d\u00e9janos un comentario<\/strong>. Estamos ansiosos de leerlos y compartirlos con el resto de mamis de <a href=\"https:\/\/www.stikets.es\/\" target=\"_blank\" rel=\"noopener\">Stikets.<\/a><\/p>\n<p>Por \u00faltimo, <strong>si quieres que escribamos sobre alg\u00fan tema especial, curiosidad, manualidad, etc. escr\u00edbenos y pronto nos pondremos a ello<\/strong>.<\/p>\n","protected":false},"excerpt":{"rendered":"<p>El\u00a019 de marzo se celebra el D\u00eda del Padre. Se trata de una tradici\u00f3n muy antigua que empez\u00f3 en la Edad Media. Antes de empezar a mostraros nuestras propuestas para sorprender en esta celebraci\u00f3n, te queremos dar las claves de \u00bfpor qu\u00e9 celebramos el D\u00eda del Padre? \u00bfQuieres saber porque el 19 de marzo se [&hellip;]<\/p>\n","protected":false},"author":2,"featured_media":9919,"comment_status":"closed","ping_status":"open","sticky":false,"template":"","format":"standard","meta":{"footnotes":""},"categories":[22],"tags":[],"class_list":["post-7898","post","type-post","status-publish","format-standard","has-post-thumbnail","hentry","category-ideas-para-regalar"],"_links":{"self":[{"href":"https:\/\/www.stikets.es\/blog\/wp-json\/wp\/v2\/posts\/7898","targetHints":{"allow":["GET"]}}],"collection":[{"href":"https:\/\/www.stikets.es\/blog\/wp-json\/wp\/v2\/posts"}],"about":[{"href":"https:\/\/www.stikets.es\/blog\/wp-json\/wp\/v2\/types\/post"}],"author":[{"embeddable":true,"href":"https:\/\/www.stikets.es\/blog\/wp-json\/wp\/v2\/users\/2"}],"replies":[{"embeddable":true,"href":"https:\/\/www.stikets.es\/blog\/wp-json\/wp\/v2\/comments?post=7898"}],"version-history":[{"count":0,"href":"https:\/\/www.stikets.es\/blog\/wp-json\/wp\/v2\/posts\/7898\/revisions"}],"wp:featuredmedia":[{"embeddable":true,"href":"https:\/\/www.stikets.es\/blog\/wp-json\/wp\/v2\/media\/9919"}],"wp:attachment":[{"href":"https:\/\/www.stikets.es\/blog\/wp-json\/wp\/v2\/media?parent=7898"}],"wp:term":[{"taxonomy":"category","embeddable":true,"href":"https:\/\/www.stikets.es\/blog\/wp-json\/wp\/v2\/categories?post=7898"},{"taxonomy":"post_tag","embeddable":true,"href":"https:\/\/www.stikets.es\/blog\/wp-json\/wp\/v2\/tags?post=7898"}],"curies":[{"name":"wp","href":"https:\/\/api.w.org\/{rel}","templated":true}]}}