{"id":7072,"date":"2017-01-09T11:06:44","date_gmt":"2017-01-09T09:06:44","guid":{"rendered":"http:\/\/www.stikets.com\/blog\/?p=7072"},"modified":"2024-09-11T12:59:49","modified_gmt":"2024-09-11T10:59:49","slug":"que-edad-es-la-mas-adecuada-para-la-guarderia","status":"publish","type":"post","link":"https:\/\/www.stikets.es\/blog\/que-edad-es-la-mas-adecuada-para-la-guarderia\/","title":{"rendered":"Qu\u00e9 edad es la m\u00e1s adecuada para la guarder\u00eda"},"content":{"rendered":"<p style=\"line-height: 150%;\">C\u00f3mo saber <strong>qu\u00e9 edad es la m\u00e1s adecuada para la guarder\u00eda<\/strong> es algo que trae de cabeza a muchas madres primerizas. \u00bfEs tu caso? Aunque, <strong>la mayor\u00eda de las veces, las obligaciones imponen esa fecha de entrada<\/strong>, coincidiendo con la reincorporaci\u00f3n de la mam\u00e1 a su puesto de trabajo, <strong>existen excepciones.<\/strong><\/p>\n<p style=\"line-height: 150%;\">Algunas mujeres tienen mayor flexibilidad laboral, como las teletrabajadoras, aut\u00f3nomas o empresarias; otras se encuentran entre dos trabajos, por lo que no les corre prisa dejar a su reci\u00e9n nacido en manos de terceras personas para que les cuiden y, un porcentaje bastante elevado, puede recurrir a los abuelos o alg\u00fan familiar para hacerse cargo del beb\u00e9 durante algunas horas al d\u00eda.<\/p>\n<p style=\"line-height: 150%;\"><strong>Pese a que, al final, es una decisi\u00f3n tuya y del padre del ni\u00f1o o ni\u00f1a, los pedagogos tienen claro que existe una<\/strong> <strong>edad m\u00e1s adecuada para la guarder\u00eda<\/strong>.<\/p>\n<p><a href=\"https:\/\/www.stikets.es\/blog\/\"><img loading=\"lazy\" decoding=\"async\" class=\"aligncenter wp-image-7073 size-full\" src=\"http:\/\/www.stikets.com\/blog\/wp-content\/uploads\/2017\/01\/guarderia2-logo.png\" alt=\"guarderia2 (logo)\" width=\"800\" height=\"533\" srcset=\"https:\/\/www.stikets.es\/blog\/wp-content\/uploads\/2017\/01\/guarderia2-logo.png 800w, https:\/\/www.stikets.es\/blog\/wp-content\/uploads\/2017\/01\/guarderia2-logo-300x200.png 300w, https:\/\/www.stikets.es\/blog\/wp-content\/uploads\/2017\/01\/guarderia2-logo-768x512.png 768w\" sizes=\"auto, (max-width: 800px) 100vw, 800px\" \/><\/a><\/p>\n<p><strong>La edad m\u00e1s adecuada para la guarder\u00eda: por qu\u00e9 te interesa aprender a separarte de tu beb\u00e9<\/strong><\/p>\n<p><strong>Alrededor del a\u00f1o de vida,<\/strong> tu beb\u00e9 ya se ha vuelto algo m\u00e1s aut\u00f3nomo y os conoce perfectamente, sobre todo a ti, con quien mantiene un v\u00ednculo muy especial. <strong>Llegado este momento y a partir de \u00e9l, cada d\u00eda que pase ser\u00e1 m\u00e1s dif\u00edcil la separaci\u00f3n.<\/strong><\/p>\n<p>La edad m\u00e1s adecuada para la guarder\u00eda deber\u00eda, por tanto,<strong> fijarse en torno al a\u00f1o:<\/strong><\/p>\n<p><strong>&#8211; Antes de un a\u00f1o el beb\u00e9 no se sorprender\u00e1 tanto por la situaci\u00f3n y aprender\u00e1 a amoldarse a ella m\u00e1s f\u00e1cilmente y con menor sufrimiento. <\/strong>Pronto entender\u00e1 que acudir a la guarder\u00eda es parte de su rutina diaria y se sentir\u00e1 tranquilo al ver que, cada d\u00eda a la misma hora, su padre o t\u00fa vais a recogerle.<\/p>\n<p><strong>&#8211; Dejar al beb\u00e9 en la edad m\u00e1s adecuada para la guarder\u00eda, y no despu\u00e9s, es tambi\u00e9n beneficioso ti<\/strong>. Los primeros d\u00edas son dif\u00edciles y es algo normal: desde que naci\u00f3 no te has separado de \u00e9l o ella ni un momento. Sin embargo, al ver que no se queda triste, t\u00fa tampoco lo estar\u00e1s.<\/p>\n<p><strong>&#8211;<\/strong> Alrededor del a\u00f1o de vida tu beb\u00e9 puede estar ya a punto de andar y de decir sus primeras palabras. Quiz\u00e1s ya lo hace. <strong>Todas estas habilidades le ayudar\u00e1n a relacionarse con los dem\u00e1s ni\u00f1os mejor que si fuera m\u00e1s peque\u00f1o.<\/strong> Pronto ver\u00e1s que ya tiene amiguitos.<\/p>\n<p><strong>&#8211;<\/strong> Por \u00faltimo, <strong>escoger la edad adecuada para la guarder\u00eda puede contribuir a reforzar la autoestima de tu beb\u00e9 en el futuro.<\/strong> Todos necesitamos confiar en otras personas y es necesario para el desarrollo del ni\u00f1o que pueda estar tranquilo y sentirse a salvo tambi\u00e9n con otros adultos que no sean sus padres. En este caso, la labor de los pedagogos en la guarder\u00eda juega un papel esencial.<\/p>\n<p>Seguro que tomar\u00e1s la decisi\u00f3n correcta. <strong>\u00a1Que disfrutes de esta nueva etapa en la vida de tu beb\u00e9!<\/strong><\/p>\n","protected":false},"excerpt":{"rendered":"<p>C\u00f3mo saber qu\u00e9 edad es la m\u00e1s adecuada para la guarder\u00eda es algo que trae de cabeza a muchas madres primerizas. \u00bfEs tu caso? Aunque, la mayor\u00eda de las veces, las obligaciones imponen esa fecha de entrada, coincidiendo con la reincorporaci\u00f3n de la mam\u00e1 a su puesto de trabajo, existen excepciones. Algunas mujeres tienen mayor [&hellip;]<\/p>\n","protected":false},"author":2,"featured_media":11300,"comment_status":"closed","ping_status":"open","sticky":false,"template":"","format":"standard","meta":{"footnotes":""},"categories":[17],"tags":[],"class_list":["post-7072","post","type-post","status-publish","format-standard","has-post-thumbnail","hentry","category-educacion-padres"],"_links":{"self":[{"href":"https:\/\/www.stikets.es\/blog\/wp-json\/wp\/v2\/posts\/7072","targetHints":{"allow":["GET"]}}],"collection":[{"href":"https:\/\/www.stikets.es\/blog\/wp-json\/wp\/v2\/posts"}],"about":[{"href":"https:\/\/www.stikets.es\/blog\/wp-json\/wp\/v2\/types\/post"}],"author":[{"embeddable":true,"href":"https:\/\/www.stikets.es\/blog\/wp-json\/wp\/v2\/users\/2"}],"replies":[{"embeddable":true,"href":"https:\/\/www.stikets.es\/blog\/wp-json\/wp\/v2\/comments?post=7072"}],"version-history":[{"count":0,"href":"https:\/\/www.stikets.es\/blog\/wp-json\/wp\/v2\/posts\/7072\/revisions"}],"wp:featuredmedia":[{"embeddable":true,"href":"https:\/\/www.stikets.es\/blog\/wp-json\/wp\/v2\/media\/11300"}],"wp:attachment":[{"href":"https:\/\/www.stikets.es\/blog\/wp-json\/wp\/v2\/media?parent=7072"}],"wp:term":[{"taxonomy":"category","embeddable":true,"href":"https:\/\/www.stikets.es\/blog\/wp-json\/wp\/v2\/categories?post=7072"},{"taxonomy":"post_tag","embeddable":true,"href":"https:\/\/www.stikets.es\/blog\/wp-json\/wp\/v2\/tags?post=7072"}],"curies":[{"name":"wp","href":"https:\/\/api.w.org\/{rel}","templated":true}]}}