{"id":1917,"date":"2013-08-20T16:48:06","date_gmt":"2013-08-20T14:48:06","guid":{"rendered":"http:\/\/stikets.com\/blog\/?p=1917"},"modified":"2024-09-11T13:07:15","modified_gmt":"2024-09-11T11:07:15","slug":"como-afrontar-el-primer-dia-de-cole","status":"publish","type":"post","link":"https:\/\/www.stikets.es\/blog\/como-afrontar-el-primer-dia-de-cole\/","title":{"rendered":"Como afrontar el primer d\u00eda de cole"},"content":{"rendered":"<p>Ha llegado el <strong>inicio escolar<\/strong> y con \u00e9l muchos ni\u00f1@s volver\u00e1n al colegio despu\u00e9s de un largo per\u00edodo de vacaciones<strong>. El primer d\u00eda<\/strong> de cole no es el mismo para todos ellos: los \u201cprincipiantes\u201d no lo van a vivir del mismo modo que los \u201cveteranos\u201d. Los de Infantil no lo vivir\u00e1n igual que los de Primaria, ni los de Secundaria como los de Bachillerato. Y lo mismo va a pasar con los pap\u00e1s y mam\u00e1s de todos esos ni\u00f1@s.<\/p>\n<p>Digan lo que digan, los primeros d\u00edas en el Parvulario son<strong> \u201ctraum\u00e1ticos\u201d.<\/strong> Y es l\u00f3gico, si se trata de la primera vez que vuestro hij@ acude al colegio. Pero este va a ser un paso que, tarde o temprano, han de dar todos los cr\u00edos. Por eso es tan importante que vayamos preparando el terreno, para que el cambio sea lo m\u00e1s suave posible.<\/p>\n<p>Las primeras semanas suelen ser, casi siempre, durillas y transcurren entre <strong>l\u00e1grimas, berrinches y pataletas<\/strong>. Pero os puedo asegurar que\u00a0la situaci\u00f3n se normalizar\u00e1 con \u00e9xito si sabemos mantener la calma. Si por el contrario, el ni\u00f1@ os ve inseguros os ser\u00e1 mucho m\u00e1s dif\u00edcil convencerle que ha de ir al cole y sus manifestaciones se har\u00e1n m\u00e1s agudas. Ser\u00e1 mucho mejor que demostremos confianza en el centro y en la tutora y que se lo transmitamos.<\/p>\n<p>Resistir con <strong>tranquilidad y calma ante los ruegos y s\u00faplicas de vuestro hij@<\/strong>, aunque nos duela el alma y oponernos con firmeza ante sus \u201cdolores\u201d y hacerle cumplir con su deber llev\u00e1ndole al cole. Como padres, no nos gusta ver llorar a nuestros hijos y ver que se lo pasan mal\u2026 Pero nuestra visi\u00f3n de adulto nos ha de ayudar, pensando que <strong>hacemos lo correcto y por su bien. L<\/strong>a situaci\u00f3n se normalizar\u00e1 con \u00e9xito si sabemos mantener la calma. Si por el contrario, el ni\u00f1@ os ve inseguros os ser\u00e1 mucho m\u00e1s dif\u00edcil convencerle que ha de ir al cole y sus manifestaciones se har\u00e1n m\u00e1s agudas. Ser\u00e1 mucho mejor que <strong>demostremos confianza en el centro y en la tutora y que se lo transmitamos.<\/strong><\/p>\n<p><img loading=\"lazy\" decoding=\"async\" class=\"aligncenter wp-image-13827\" src=\"https:\/\/www.stikets.es\/blog\/wp-content\/uploads\/2013\/08\/pexels-ba-phi-1361766-300x200.jpg\" alt=\"\" width=\"800\" height=\"533\" srcset=\"https:\/\/www.stikets.es\/blog\/wp-content\/uploads\/2013\/08\/pexels-ba-phi-1361766-300x200.jpg 300w, https:\/\/www.stikets.es\/blog\/wp-content\/uploads\/2013\/08\/pexels-ba-phi-1361766-1024x682.jpg 1024w, https:\/\/www.stikets.es\/blog\/wp-content\/uploads\/2013\/08\/pexels-ba-phi-1361766-768x511.jpg 768w, https:\/\/www.stikets.es\/blog\/wp-content\/uploads\/2013\/08\/pexels-ba-phi-1361766-1536x1022.jpg 1536w, https:\/\/www.stikets.es\/blog\/wp-content\/uploads\/2013\/08\/pexels-ba-phi-1361766-2048x1363.jpg 2048w\" sizes=\"auto, (max-width: 800px) 100vw, 800px\" \/><\/p>\n<p style=\"text-align: center;\">\n","protected":false},"excerpt":{"rendered":"<p>Ha llegado el inicio escolar y con \u00e9l muchos ni\u00f1@s volver\u00e1n al colegio despu\u00e9s de un largo per\u00edodo de vacaciones. El primer d\u00eda de cole no es el mismo para todos ellos: los \u201cprincipiantes\u201d no lo van a vivir del mismo modo que los \u201cveteranos\u201d. Los de Infantil no lo vivir\u00e1n igual que los de [&hellip;]<\/p>\n","protected":false},"author":2,"featured_media":13825,"comment_status":"closed","ping_status":"open","sticky":false,"template":"","format":"standard","meta":{"footnotes":""},"categories":[17,18],"tags":[],"class_list":["post-1917","post","type-post","status-publish","format-standard","has-post-thumbnail","hentry","category-educacion-padres","category-vuelta-al-cole"],"_links":{"self":[{"href":"https:\/\/www.stikets.es\/blog\/wp-json\/wp\/v2\/posts\/1917","targetHints":{"allow":["GET"]}}],"collection":[{"href":"https:\/\/www.stikets.es\/blog\/wp-json\/wp\/v2\/posts"}],"about":[{"href":"https:\/\/www.stikets.es\/blog\/wp-json\/wp\/v2\/types\/post"}],"author":[{"embeddable":true,"href":"https:\/\/www.stikets.es\/blog\/wp-json\/wp\/v2\/users\/2"}],"replies":[{"embeddable":true,"href":"https:\/\/www.stikets.es\/blog\/wp-json\/wp\/v2\/comments?post=1917"}],"version-history":[{"count":0,"href":"https:\/\/www.stikets.es\/blog\/wp-json\/wp\/v2\/posts\/1917\/revisions"}],"wp:featuredmedia":[{"embeddable":true,"href":"https:\/\/www.stikets.es\/blog\/wp-json\/wp\/v2\/media\/13825"}],"wp:attachment":[{"href":"https:\/\/www.stikets.es\/blog\/wp-json\/wp\/v2\/media?parent=1917"}],"wp:term":[{"taxonomy":"category","embeddable":true,"href":"https:\/\/www.stikets.es\/blog\/wp-json\/wp\/v2\/categories?post=1917"},{"taxonomy":"post_tag","embeddable":true,"href":"https:\/\/www.stikets.es\/blog\/wp-json\/wp\/v2\/tags?post=1917"}],"curies":[{"name":"wp","href":"https:\/\/api.w.org\/{rel}","templated":true}]}}