{"id":14824,"date":"2025-05-01T09:00:00","date_gmt":"2025-05-01T07:00:00","guid":{"rendered":"https:\/\/www.stikets.es\/blog\/?p=14824"},"modified":"2025-05-23T09:15:52","modified_gmt":"2025-05-23T07:15:52","slug":"lista-de-cosas-para-el-cole-segun-la-edad","status":"publish","type":"post","link":"https:\/\/www.stikets.es\/blog\/lista-de-cosas-para-el-cole-segun-la-edad\/","title":{"rendered":"Lista de cosas para el cole seg\u00fan la edad"},"content":{"rendered":"<h1>Qu\u00e9 llevar a la guarder\u00eda, parvulario y primaria. Claves para una Vuelta al cole organizada y eficiente.<\/h1>\n<h2 style=\"font-size: 1.9em;\">1. <strong>\u00bfQu\u00e9 material necesita para la vuelta al cole?<\/strong><\/h2>\n<p><iframe loading=\"lazy\" title=\"YouTube video player\" src=\"https:\/\/www.youtube.com\/embed\/PfGeLaxfTw4\" width=\"800\" height=\"405\" frameborder=\"0\" allowfullscreen=\"allowfullscreen\"><\/iframe><\/p>\n<p>Si tu peque va a empezar la escuela es importante que lo tengas preparado todo su <strong><a href=\"https:\/\/www.stikets.es\/articulos-cole.html\" target=\"_blank\" rel=\"noopener\">material escolar<\/a><\/strong> con antelaci\u00f3n para asegurarte una <strong>vuelta al cole sin estr\u00e9s<\/strong>. <strong>\u00bfQu\u00e9 comprar para la vuelta al cole?<\/strong> Pues depender\u00e1 de la etapa escolar de cada ni\u00f1o o ni\u00f1a. En este post te ayudamos a saber <strong>qu\u00e9 llevar para la vuelta al cole<\/strong> para que puedas preparar una <strong>lista de cosas para el cole<\/strong> seg\u00fan la edad de tus hijos, sobre todo si cuando hay un cambio de etapa y una nueva adaptaci\u00f3n.<\/p>\n<h3 style=\"font-size: 1.9em;\">1.1 . \u00bfQu\u00e9 llevar a la guarder\u00eda?<\/h3>\n<p>La<strong> lista del <a href=\"https:\/\/www.stikets.es\/articulos-cole.html\" target=\"_blank\" rel=\"noopener\">material para la guarder\u00eda<\/a><\/strong> es siempre la m\u00e1s larga. Ser\u00e1 la primera vez que tu peque pase cada d\u00eda tantas horas fuera de casa y necesita muchas cosas. Para superar el estr\u00e9s de los cambios que conlleva el <strong>inicio de la escuela infantil<\/strong> para cualquier beb\u00e9 y para sus madres y padres, lo mejor es tener una lista detallada que te aportar\u00e1 seguridad y tranquilidad.<\/p>\n<p><a href=\"https:\/\/www.stikets.es\/etiquetas\/etiquetas-ropa\/ropa-pequenas.html?utm_source=blog&amp;utm_medium=blog&amp;utm_campaign=blog_lista_cole_etiquetasropa&amp;utm_id=blog&amp;utm_term=blog&amp;utm_content=blog\"><img loading=\"lazy\" decoding=\"async\" src=\"https:\/\/www.stikets.es\/blog\/wp-content\/uploads\/2024\/07\/Claves_Vuelta_al_Cole_Organizada_Eficiente_3.jpg\" alt=\"etiquetas_para_marcar_ropa_stikets\" width=\"900\" height=\"535\" \/><\/a><\/p>\n<ul>\n<li style=\"font-size: 1.4em;\">Ropa del ni\u00f1o de diario<\/li>\n<li style=\"font-size: 1.4em;\">Muda de recambio<\/li>\n<li style=\"font-size: 1.4em;\">Ropa de deporte<\/li>\n<\/ul>\n<p>\u00a1No olvides <strong>marcarlo todo con <a href=\"https:\/\/www.stikets.es\/etiquetas.html?utm_source=blog&amp;utm_medium=blog&amp;utm_campaign=lista_para_el_cole_12_8_22&amp;utm_id=blog&amp;utm_term=blog\">etiquetas para ropa peque\u00f1as<\/a>!<\/strong><\/p>\n<p><a href=\"https:\/\/www.stikets.es\/articulos-cole.html?utm_source=blog&amp;utm_medium=blog&amp;utm_campaign=lista_para_el_cole_12_8_22&amp;utm_id=blog&amp;utm_term=blog\"><img loading=\"lazy\" decoding=\"async\" src=\"https:\/\/www.stikets.es\/blog\/wp-content\/uploads\/2024\/07\/Claves_Vuelta_al_Cole_Organizada_Eficiente_4.jpg\" alt=\"bolsa_merienda_muda_vuelta_cole\" width=\"900\" height=\"536\" \/><\/a><\/p>\n<p><a href=\"https:\/\/www.stikets.es\/articulos-cole.html?utm_source=blog&amp;utm_medium=blog&amp;utm_campaign=lista_para_el_cole_12_8_22&amp;utm_id=blog&amp;utm_term=blog\"><img loading=\"lazy\" decoding=\"async\" src=\"https:\/\/www.stikets.es\/blog\/wp-content\/uploads\/2024\/07\/Claves_Vuelta_al_Cole_Organizada_Eficiente_5.jpg\" alt=\"babero_personalizado_vuelta_al_cole\" width=\"900\" height=\"536\" \/><\/a><\/p>\n<ul>\n<li style=\"font-size: 1.4em;\">Bolsas de muda y merienda<\/li>\n<li style=\"font-size: 1.4em;\">Portasnacks personalizado<\/li>\n<li style=\"font-size: 1.4em;\">Capa de ba\u00f1o personalizada<\/li>\n<li style=\"font-size: 1.4em;\">Babero personalizado<\/li>\n<li style=\"font-size: 1.4em;\">Bolsa de pa\u00f1ales<\/li>\n<\/ul>\n<p>\u00a1No olvides <strong>marcarlo todo con <a href=\"https:\/\/www.stikets.es\/etiquetas.html?utm_source=blog&amp;utm_medium=blog&amp;utm_campaign=lista_para_el_cole_12_8_22&amp;utm_id=blog&amp;utm_term=blog\">etiquetas para ropa grandes<\/a><\/strong>!<\/p>\n<p><a href=\"https:\/\/www.stikets.es\/articulos-cole\/batas-personalizadas\/batas-escolares-personalizadas.html?utm_source=blog&amp;utm_medium=blog&amp;utm_campaign=blog_lista_cole_etiquetasropa&amp;utm_id=blog&amp;utm_term=blog&amp;utm_content=blog\"><img loading=\"lazy\" decoding=\"async\" src=\"https:\/\/www.stikets.es\/blog\/wp-content\/uploads\/2024\/07\/Claves_Vuelta_al_Cole_Organizada_Eficiente_7.jpg\" alt=\"bata_escolar_personalizada_stikets\" width=\"900\" height=\"536\" \/><\/a><\/p>\n<ul>\n<li style=\"font-size: 1.4em;\">Bata o babi personalizado<\/li>\n<li style=\"font-size: 1.4em;\">Chaqueta para la calle<\/li>\n<li style=\"font-size: 1.4em;\">Chaqueta para el recreo o para hacer deporte<\/li>\n<\/ul>\n<p>\u00a1No olvides<strong> marcarlo todo con\u00a0<a href=\"https:\/\/www.stikets.es\/etiquetas\/cintas-para-colgar.html\"> cintas para colgar<\/a><\/strong>!<\/p>\n<p><a href=\"https:\/\/www.stikets.es\/articulos-cole\/papeleria-y-manualidades.html?utm_source=blog&amp;utm_medium=blog&amp;utm_campaign=lista_para_el_cole_12_8_22&amp;utm_id=blog&amp;utm_term=blog\"><img loading=\"lazy\" decoding=\"async\" src=\"https:\/\/www.stikets.es\/blog\/wp-content\/uploads\/2024\/07\/Claves_Vuelta_al_Cole_Organizada_Eficiente_9.jpg\" alt=\"manualidades_bebe_vuelta_al_cole_stikets\" width=\"900\" height=\"536\" \/><\/a><\/p>\n<ul>\n<li style=\"font-size: 1.4em;\">Material de recreo<\/li>\n<li style=\"font-size: 1.4em;\"><strong>Material escolar para beb\u00e9s<\/strong>: L\u00e1pices, l\u00e1pices de colores, bolis, tijeras, rotuladores, pegamento, etc.<\/li>\n<\/ul>\n<p>\u00a1No olvides <strong>marcarlo todo con <a href=\"https:\/\/www.stikets.es\/etiquetas.html?utm_source=blog&amp;utm_medium=blog&amp;utm_campaign=lista_para_el_cole_12_8_22&amp;utm_id=blog&amp;utm_term=blog\">etiquetas adhesivas peque\u00f1as<\/a><\/strong>!<\/p>\n<p><a href=\"https:\/\/www.stikets.es\/articulos-cole.html?utm_source=blog&amp;utm_medium=blog&amp;utm_campaign=lista_para_el_cole_12_8_22&amp;utm_id=blog&amp;utm_term=blog\"><img loading=\"lazy\" decoding=\"async\" src=\"https:\/\/www.stikets.es\/blog\/wp-content\/uploads\/2024\/07\/Claves_Vuelta_al_Cole_Organizada_Eficiente_11.jpg\" alt=\"pack_fiambreas_botellas_lassig_vuelta_al_cole_stikets\" width=\"900\" height=\"536\" \/><\/a><\/p>\n<ul>\n<li style=\"font-size: 1.4em;\">Tuppers y fiambreras<\/li>\n<li style=\"font-size: 1.4em;\">Botella y\/o vaso personalizado<\/li>\n<li style=\"font-size: 1.4em;\">Libretas<\/li>\n<li style=\"font-size: 1.4em;\">Libros y cuentos<\/li>\n<\/ul>\n<p>\u00a1No olvides <strong>marcarlo todo con <a href=\"https:\/\/www.stikets.es\/etiquetas.html?utm_source=blog&amp;utm_medium=blog&amp;utm_campaign=lista_para_el_cole_12_8_22&amp;utm_id=blog&amp;utm_term=blog\">etiquetas adhesivas medianas o grandes<\/a><\/strong>!<\/p>\n<p><a href=\"https:\/\/www.stikets.es\/articulos-cole.html?utm_source=blog&amp;utm_medium=blog&amp;utm_campaign=lista_para_el_cole_12_8_22&amp;utm_id=blog&amp;utm_term=blog\"><img loading=\"lazy\" decoding=\"async\" src=\"https:\/\/www.stikets.es\/blog\/wp-content\/uploads\/2024\/07\/Claves_Vuelta_al_Cole_Organizada_Eficiente_14.jpg\" alt=\"etiquetas_para_zapatos_vuelta_al_cole_stikets\" width=\"900\" height=\"536\" \/><\/a><\/p>\n<ul>\n<li style=\"font-size: 1.4em;\">Calzado de diario<\/li>\n<li style=\"font-size: 1.4em;\">Calzado deportivo<\/li>\n<\/ul>\n<p>\u00a1No olvides <strong>marcarlo todo con <a href=\"https:\/\/www.stikets.es\/etiquetas.html?utm_source=blog&amp;utm_medium=blog&amp;utm_campaign=lista_para_el_cole_12_8_22&amp;utm_id=blog&amp;utm_term=blog\">etiquetas para zapatos<\/a><\/strong>!<\/p>\n<p><a href=\"https:\/\/www.stikets.es\/articulos-cole.html?utm_source=blog&amp;utm_medium=blog&amp;utm_campaign=lista_para_el_cole_12_8_22&amp;utm_id=blog&amp;utm_term=blog\"><img loading=\"lazy\" decoding=\"async\" src=\"https:\/\/www.stikets.es\/blog\/wp-content\/uploads\/2024\/07\/Claves_Vuelta_al_Cole_Organizada_Eficiente_15.jpg\" alt=\"mini_mochilas_lassig_vuelta_al_cole_stikets\" width=\"900\" height=\"536\" \/><\/a><\/p>\n<ul>\n<li style=\"font-size: 1.4em;\">Mini mochilas<\/li>\n<li style=\"font-size: 1.4em;\">Bolsa de piscina<\/li>\n<li style=\"font-size: 1.4em;\">Neceser<\/li>\n<\/ul>\n<p>\u00a1No olvides <strong>marcarlo todo con <a href=\"https:\/\/www.stikets.es\/etiquetas.html?utm_source=blog&amp;utm_medium=blog&amp;utm_campaign=lista_para_el_cole_12_8_22&amp;utm_id=blog&amp;utm_term=blog\">etiquetas de equipaje<\/a><\/strong>!<\/p>\n<p>Si quieres una soluci\u00f3n todo en uno para <strong>marcar toda la ropa y el material escolar en Stikets tienen un mont\u00f3n de Packs de etiqueta<\/strong>s distintos, ajustados a cada necesidad. Para<strong> marcar todas las cosas de la guarder\u00eda<\/strong> te recomendamos el\u00a0\u00a0<a href=\"https:\/\/www.stikets.es\/etiquetas.html?utm_source=blog&amp;utm_medium=blog&amp;utm_campaign=lista_para_el_cole_12_8_22&amp;utm_id=blog&amp;utm_term=blog\"><strong> Pack Mini, el Pack con sello (ideal para marcar pa\u00f1ales) o el Pack tem\u00e1tico<\/strong> <\/a>\u00a0 a conjunto con las bolsas de muda, merienda, el babi y la capa de ba\u00f1o con los dise\u00f1os m\u00e1s molones \u00a1M\u00e1s f\u00e1cil imposible!<\/p>\n<h3 style=\"font-size: 1.9em;\">1.2 \u00bfQu\u00e9 llevar al parvulario? Lista material necesario de P3 a P5<\/h3>\n<p>Tu peque se estrena en la etapa escolar y te preguntas:<strong> \u00bfQu\u00e9 se necesita para empezar P3?<\/strong> Si tu peque ya ha pasado por la <strong>escuela infantil<\/strong> os ser\u00e1 m\u00e1s f\u00e1cil saber <strong>c\u00f3mo afrontar esta vuelta al cole<\/strong>, aunque <strong>empezar en Parvulario<\/strong> siempre significa un cambio importante en su d\u00eda a d\u00eda, tanto a nivel educativo, como personal y social ya que probablemente tendr\u00e1 nuevos compa\u00f1eros.<\/p>\n<p>Con esta<strong> lista de <a href=\"https:\/\/www.stikets.es\/articulos-cole.html\" target=\"_blank\" rel=\"noopener\">material escolar<\/a> para ni\u00f1os de 3 a 6 a\u00f1os<\/strong> sabr\u00e1s todo lo que necesita. Haz que te ayude a organizarlo todo y a marcarlo con su nombre, su foto o el icono que m\u00e1s le guste. As\u00ed tambi\u00e9n les ayudas a hacerse responsable de sus cosas, se sentir\u00e1 m\u00e1s seguro de si mismo y ser\u00e1 m\u00e1s aut\u00f3nomo.<\/p>\n<p><a href=\"https:\/\/www.stikets.es\/etiquetas\/packs\/pack-de-etiquetas-y-sello-personalizado.html?utm_source=blog&amp;utm_medium=blog&amp;utm_campaign=lista_para_el_cole_12_8_22&amp;utm_id=blog&amp;utm_term=blog\"><img loading=\"lazy\" decoding=\"async\" src=\"https:\/\/www.stikets.es\/blog\/wp-content\/uploads\/2024\/07\/Claves_Vuelta_al_Cole_Organizada_Eficiente_18.jpg\" alt=\"Pack_etiquetas_sello_vuelta_al_cole_stikets\" width=\"900\" height=\"536\" \/><\/a><\/p>\n<ul>\n<li style=\"font-size: 1.4em;\">Ropa del ni\u00f1o de diario o uniforme<\/li>\n<li style=\"font-size: 1.4em;\">Muda de recambio<\/li>\n<li style=\"font-size: 1.4em;\">Ropa de deporte<\/li>\n<\/ul>\n<p>\u00a1No olvides <strong>marcarlo todo con <a href=\"https:\/\/www.stikets.es\/etiquetas.html?utm_source=blog&amp;utm_medium=blog&amp;utm_campaign=lista_para_el_cole_12_8_22&amp;utm_id=blog&amp;utm_term=blog\">etiquetas para ropa peque\u00f1as<\/a>!<\/strong><\/p>\n<p><a href=\"https:\/\/www.stikets.es\/articulos-cole.html?utm_source=blog&amp;utm_medium=blog&amp;utm_campaign=lista_para_el_cole_12_8_22&amp;utm_id=blog&amp;utm_term=blog\"><img loading=\"lazy\" decoding=\"async\" src=\"https:\/\/www.stikets.es\/blog\/wp-content\/uploads\/2024\/07\/Claves_Vuelta_al_Cole_Organizada_Eficiente_22.jpg\" alt=\"portabocadillos_portasnacks_vuelta_al_cole_stikets\" width=\"900\" height=\"536\" \/><\/a><\/p>\n<ul>\n<li style=\"font-size: 1.4em;\">Bolsas de muda y merienda<\/li>\n<li style=\"font-size: 1.4em;\">Portasnacks personalizado<\/li>\n<li style=\"font-size: 1.4em;\">Capa de ba\u00f1o personalizada<\/li>\n<\/ul>\n<p>\u00a1No olvides <strong>marcarlo todo con <a href=\"https:\/\/www.stikets.es\/etiquetas.html?utm_source=blog&amp;utm_medium=blog&amp;utm_campaign=lista_para_el_cole_12_8_22&amp;utm_id=blog&amp;utm_term=blog\">etiquetas para ropa grandes<\/a><\/strong>!<\/p>\n<p><a href=\"https:\/\/www.stikets.es\/etiquetas\/cintas-para-colgar\/cintas-personalizadas-con-cierre.html?utm_source=blog&amp;utm_medium=blog&amp;utm_campaign=blog_lista_cole_etiquetasropa&amp;utm_id=blog&amp;utm_term=blog&amp;utm_content=blog\"><img loading=\"lazy\" decoding=\"async\" src=\"https:\/\/www.stikets.es\/blog\/wp-content\/uploads\/2024\/07\/Claves_Vuelta_al_Cole_Organizada_Eficiente_24.jpg\" alt=\"vuelta_al_cole_organizacion_cintas_stikets\" width=\"900\" height=\"536\" \/><\/a><\/p>\n<ul>\n<li style=\"font-size: 1.4em;\">Bata o babi personalizado<\/li>\n<li style=\"font-size: 1.4em;\">Chaqueta para la calle<\/li>\n<li style=\"font-size: 1.4em;\">Chaqueta para el recreo o para hacer deporte<\/li>\n<\/ul>\n<p>\u00a1No olvides<strong> marcarlo todo con\u00a0<a href=\"https:\/\/www.stikets.es\/etiquetas.html?utm_source=blog&amp;utm_medium=blog&amp;utm_campaign=lista_para_el_cole_12_8_22&amp;utm_id=blog&amp;utm_term=blog\"> cintas para colgar<\/a><\/strong>!<\/p>\n<p><a href=\"https:\/\/www.stikets.es\/articulos-cole\/papeleria-y-manualidades.html?utm_source=blog&amp;utm_medium=blog&amp;utm_campaign=lista_para_el_cole_12_8_22&amp;utm_id=blog&amp;utm_term=blog\"><img loading=\"lazy\" decoding=\"async\" src=\"https:\/\/www.stikets.es\/blog\/wp-content\/uploads\/2024\/07\/Claves_Vuelta_al_Cole_Organizada_Eficiente_25.jpg\" alt=\"material_escolar_vuelta_al_cole_stikets\" width=\"900\" height=\"536\" \/><\/a><\/p>\n<ul>\n<li style=\"font-size: 1.4em;\">Material deportivo seg\u00fan su actividad (espinilleras para futbol, raqueta para tenis,\u2026)<\/li>\n<li style=\"font-size: 1.4em;\">Material escolar: L\u00e1pices, l\u00e1pices de colores, bolis, tijeras, rotuladores, pegamento, etc.<\/li>\n<\/ul>\n<p>\u00a1No olvides<strong> marcarlo todo con <a href=\"https:\/\/www.stikets.es\/etiquetas.html?utm_source=blog&amp;utm_medium=blog&amp;utm_campaign=lista_para_el_cole_12_8_22&amp;utm_id=blog&amp;utm_term=blog\">etiquetas adhesivas peque\u00f1as<\/a><\/strong>!<\/p>\n<p><a href=\"https:\/\/www.stikets.es\/articulos-cole\/botellas-personalizadas\/vasos-infantiles-personalizables-trixie.html?utm_source=blog&amp;utm_medium=blog&amp;utm_campaign=lista_para_el_cole_12_8_22&amp;utm_id=blog&amp;utm_term=blog\"><img loading=\"lazy\" decoding=\"async\" src=\"https:\/\/www.stikets.es\/blog\/wp-content\/uploads\/2024\/07\/Claves_Vuelta_al_Cole_Organizada_Eficiente_12.jpg\" alt=\"vasos_trixie_personalizables_vuelta_al_cole_stikets\" width=\"900\" height=\"536\" \/><\/a><\/p>\n<ul>\n<li style=\"font-size: 1.4em;\">Tuppers y fiambreras<\/li>\n<li style=\"font-size: 1.4em;\">Botella y\/o vaso personalizado<\/li>\n<li style=\"font-size: 1.4em;\">Libretas<\/li>\n<li style=\"font-size: 1.4em;\">Libros y cuentos<\/li>\n<\/ul>\n<p>\u00a1No olvides <strong>marcarlo todo con <a href=\"https:\/\/www.stikets.es\/etiquetas.html?utm_source=blog&amp;utm_medium=blog&amp;utm_campaign=lista_para_el_cole_12_8_22&amp;utm_id=blog&amp;utm_term=blog\">etiquetas adhesivas medianas o grandes<\/a><\/strong>!<\/p>\n<p><a href=\"https:\/\/www.stikets.es\/etiquetas.html?utm_source=blog&amp;utm_medium=blog&amp;utm_campaign=lista_para_el_cole_12_8_22&amp;utm_id=blog&amp;utm_term=blog\"><img loading=\"lazy\" decoding=\"async\" src=\"https:\/\/www.stikets.es\/blog\/wp-content\/uploads\/2024\/07\/Claves_Vuelta_al_Cole_Organizada_Eficiente_13.jpg\" alt=\"etiquetas_medianas_grandes_vuelta_al_cole_stikets\" width=\"900\" height=\"536\" \/><\/a><\/p>\n<ul>\n<li style=\"font-size: 1.4em;\">Calzado de diario<\/li>\n<li style=\"font-size: 1.4em;\">Calzado deportivo<\/li>\n<\/ul>\n<p>\u00a1No olvides <strong>marcarlo todo con\u00a0<a href=\"https:\/\/www.stikets.es\/etiquetas.html?utm_source=blog&amp;utm_medium=blog&amp;utm_campaign=lista_para_el_cole_12_8_22&amp;utm_id=blog&amp;utm_term=blog\"> etiquetas para zapatos<\/a><\/strong>!<\/p>\n<p><a href=\"https:\/\/www.stikets.es\/articulos-cole\/mochilas-personalizables.html?utm_source=blog&amp;utm_medium=blog&amp;utm_campaign=blog_lista_cole_organizacion&amp;utm_id=blog&amp;utm_term=blog&amp;utm_content=blog\"><img loading=\"lazy\" decoding=\"async\" src=\"https:\/\/www.stikets.es\/blog\/wp-content\/uploads\/2024\/07\/Claves_Vuelta_al_Cole_Organizada_Eficiente_30-2.jpg\" alt=\"mochilas_personalizadas_vuelta_al_cole_organizacion_stikets\" width=\"900\" height=\"536\" \/><\/a><\/p>\n<ul>\n<li style=\"font-size: 1.4em;\">Mochilas<\/li>\n<li style=\"font-size: 1.4em;\">Bolsa de deporte y piscina<\/li>\n<li style=\"font-size: 1.4em;\">Estuche y neceser<\/li>\n<\/ul>\n<p>\u00a1No olvides <strong>marcarlo todo con\u00a0\u00a0<a href=\"https:\/\/www.stikets.es\/etiquetas.html?utm_source=blog&amp;utm_medium=blog&amp;utm_campaign=lista_para_el_cole_12_8_22&amp;utm_id=blog&amp;utm_term=blog\"> etiquetas de equipaje<\/a><\/strong>!<\/p>\n<p>Si quieres una \u00fanica soluci\u00f3n para <strong>marcar todas las prendas y el material para el colegio<\/strong>, en Stikets tienes Packs de etiquetas ajustados a cada necesidad. Para marcar todas las cosas de Parvulario te recomendamos el <a href=\"https:\/\/www.stikets.es\/etiquetas.html?utm_source=blog&amp;utm_medium=blog&amp;utm_campaign=lista_para_el_cole_12_8_22&amp;utm_id=blog&amp;utm_term=blog\"><strong>Pack B\u00e1sico y el Pack Tem\u00e1tico<\/strong><\/a>\u00a0 que incluyen termoadhesivas permanentes para la ropa. Si no quieres planchar, tienes la opci\u00f3n del <a href=\"https:\/\/www.stikets.es\/etiquetas.html?utm_source=blog&amp;utm_medium=blog&amp;utm_campaign=lista_para_el_cole_12_8_22&amp;utm_id=blog&amp;utm_term=blog\"><strong>Pack con sello personalizado o el Pack sin plancha<\/strong><\/a>. Si quieres la opci\u00f3n m\u00e1s pr\u00e1ctica, con cintas para colgar sin coser y pulseras identificativas para excursiones te recomendamos el Pack Premium \u00a1es la opci\u00f3n m\u00e1s completa y pr\u00e1ctica!<\/p>\n<h3 style=\"font-size: 1.9em;\">1.3 .Lista de material escolar para Primaria<\/h3>\n<p><strong>\u00bfQu\u00e9 se necesita para la escuela?<\/strong> Esta <strong>lista de <a href=\"https:\/\/www.stikets.es\/articulos-cole.html\" target=\"_blank\" rel=\"noopener\">material para la vuelta al cole<\/a> para ni\u00f1os de 6 a 12 a\u00f1os<\/strong> os ayudar\u00e1 a no olvidar nada de lo qu\u00e9 se necesita para el primer d\u00eda de clases. Por supuesto, depender\u00e1 de cada centro educativo, ya que, por ejemplo, puede que usen libros, port\u00e1til, uniforme, o no.<\/p>\n<p><strong>\u00bfQu\u00e9 hay que llevar en la mochila del colegio?<\/strong> A continuaci\u00f3n ten\u00e9is una<strong> lista detallada de material para la vuelta al cole en primaria<\/strong> para que junto con tus hijos pod\u00e1is seleccionar lo que necesita y lo que resultar\u00e1 m\u00e1s \u00fatil y pr\u00e1ctico en su d\u00eda a d\u00eda.<\/p>\n<p><a href=\"https:\/\/www.stikets.es\/etiquetas.html?utm_source=blog&amp;utm_medium=blog&amp;utm_campaign=lista_para_el_cole_12_8_22&amp;utm_id=blog&amp;utm_term=blog\"><img loading=\"lazy\" decoding=\"async\" src=\"https:\/\/www.stikets.es\/blog\/wp-content\/uploads\/2024\/07\/Claves_Vuelta_al_Cole_Organizada_Eficiente_36.jpg\" alt=\"etiquetas_para_marcar_ropa_vuelta_al_cole_stikets\" width=\"900\" height=\"536\" \/><\/a><\/p>\n<ul>\n<li style=\"font-size: 1.4em;\">Uniforme<\/li>\n<li style=\"font-size: 1.4em;\">Ropa de deporte\/ extraescolares<\/li>\n<\/ul>\n<p>\u00a1No olvides <strong>marcarlo todo con\u00a0<a href=\"https:\/\/www.stikets.es\/etiquetas.html?utm_source=blog&amp;utm_medium=blog&amp;utm_campaign=lista_para_el_cole_12_8_22&amp;utm_id=blog&amp;utm_term=blog\"> etiquetas para ropa peque\u00f1as<\/a>!<\/strong><\/p>\n<p><a href=\"https:\/\/www.stikets.es\/etiquetas\/cintas-para-colgar\/cintas-personalizadas-con-cierre.html\"><img loading=\"lazy\" decoding=\"async\" src=\"https:\/\/www.stikets.es\/blog\/wp-content\/uploads\/2024\/07\/Claves_Vuelta_al_Cole_Organizada_Eficiente_47-1.jpg\" alt=\"vuelta_al_cole_cintas_para_colgar_oganizacion_stikets\" width=\"900\" height=\"536\" \/><\/a><\/p>\n<ul>\n<li style=\"font-size: 1.4em;\">Chaqueta para la calle<\/li>\n<li style=\"font-size: 1.4em;\">Chaqueta de deporte<\/li>\n<\/ul>\n<p>\u00a1No olvides<strong> marcarlo todo con <a href=\"https:\/\/www.stikets.es\/etiquetas.html?utm_source=blog&amp;utm_medium=blog&amp;utm_campaign=lista_para_el_cole_12_8_22&amp;utm_id=blog&amp;utm_term=blog\">cintas para colgar<\/a><\/strong>!<\/p>\n<p><a href=\"https:\/\/www.stikets.es\/articulos-cole.html\"><img loading=\"lazy\" decoding=\"async\" src=\"https:\/\/www.stikets.es\/blog\/wp-content\/uploads\/2024\/07\/Claves_Vuelta_al_Cole_Organizada_Eficiente_48-1.jpg\" alt=\"material_escolar_vuelta_al_cole_organizacion_stikets\" width=\"900\" height=\"536\" \/><\/a><\/p>\n<ul>\n<li style=\"font-size: 1.4em;\">Material deportivo seg\u00fan su actividad (espinilleras para futbol, raqueta para tenis,\u2026)<\/li>\n<li style=\"font-size: 1.4em;\">Material escolar: L\u00e1pices, l\u00e1pices de colores, bolis, tijeras, rotuladores, pegamento, etc.<\/li>\n<\/ul>\n<p>\u00a1No olvides<strong> marcarlo todo con <a href=\"https:\/\/www.stikets.es\/etiquetas.html?utm_source=blog&amp;utm_medium=blog&amp;utm_campaign=lista_para_el_cole_12_8_22&amp;utm_id=blog&amp;utm_term=blog\">etiquetas adhesivas peque\u00f1as<\/a><\/strong>!<\/p>\n<p><a href=\"https:\/\/www.stikets.es\/articulos-cole.html?utm_source=blog&amp;utm_medium=blog&amp;utm_campaign=lista_para_el_cole_12_8_22&amp;utm_id=blog&amp;utm_term=blog\"><img loading=\"lazy\" decoding=\"async\" src=\"https:\/\/www.stikets.es\/blog\/wp-content\/uploads\/2024\/07\/Claves_Vuelta_al_Cole_Organizada_Eficiente_49.jpg\" alt=\"botella_recubrimiento_ceramico_vuelta_al_cole_stikets\" width=\"900\" height=\"536\" \/><\/a><\/p>\n<ul>\n<li style=\"font-size: 1.4em;\">Tuppers y fiambreras<\/li>\n<li style=\"font-size: 1.4em;\">Botella personalizada<\/li>\n<li style=\"font-size: 1.4em;\">Agenda personalizada<\/li>\n<li style=\"font-size: 1.4em;\">Port\u00e1til<\/li>\n<li style=\"font-size: 1.4em;\">Libretas<\/li>\n<li style=\"font-size: 1.4em;\">Libros<\/li>\n<\/ul>\n<p>\u00a1No olvides <strong>marcarlo todo con <a href=\"https:\/\/www.stikets.es\/etiquetas.html?utm_source=blog&amp;utm_medium=blog&amp;utm_campaign=lista_para_el_cole_12_8_22&amp;utm_id=blog&amp;utm_term=blog\">etiquetas adhesivas medianas o grandes<\/a><\/strong>!<\/p>\n<p><a href=\"https:\/\/www.stikets.es\/etiquetas.html?utm_source=blog&amp;utm_medium=blog&amp;utm_campaign=lista_para_el_cole_12_8_22&amp;utm_id=blog&amp;utm_term=blog\"><img loading=\"lazy\" decoding=\"async\" src=\"https:\/\/www.stikets.es\/blog\/wp-content\/uploads\/2024\/07\/Claves_Vuelta_al_Cole_Organizada_Eficiente_42.jpg\" alt=\"etiquetas_para_zapatos_vuelta_al_cole\" width=\"900\" height=\"536\" \/><\/a><\/p>\n<ul>\n<li style=\"font-size: 1.4em;\">Calzado de diario<\/li>\n<li style=\"font-size: 1.4em;\">Calzado deportivo<\/li>\n<\/ul>\n<p>\u00a1No olvides <strong>marcarlo todo con <a href=\"https:\/\/www.stikets.es\/etiquetas.html?utm_source=blog&amp;utm_medium=blog&amp;utm_campaign=lista_para_el_cole_12_8_22&amp;utm_id=blog&amp;utm_term=blog\">etiquetas para zapatos<\/a><\/strong>!<\/p>\n<p><a href=\"https:\/\/www.stikets.es\/articulos-cole.html?utm_source=blog&amp;utm_medium=blog&amp;utm_campaign=lista_para_el_cole_12_8_22&amp;utm_id=blog&amp;utm_term=blog\"><img loading=\"lazy\" decoding=\"async\" src=\"https:\/\/www.stikets.es\/blog\/wp-content\/uploads\/2024\/07\/Claves_Vuelta_al_Cole_Organizada_Eficiente_50.jpg\" alt=\"estuches_escolares_personalizados_vuelta_al_cole_stikets\" width=\"900\" height=\"536\" \/><\/a><\/p>\n<ul>\n<li style=\"font-size: 1.4em;\">Mochilas<\/li>\n<li style=\"font-size: 1.4em;\">Bolsa de deporte y piscina<\/li>\n<li style=\"font-size: 1.4em;\">Estuche y\/o neceser<\/li>\n<\/ul>\n<p>\u00a1No olvides <strong>marcarlo todo con <a href=\"https:\/\/www.stikets.es\/etiquetas.html?utm_source=blog&amp;utm_medium=blog&amp;utm_campaign=lista_para_el_cole_12_8_22&amp;utm_id=blog&amp;utm_term=blog\"> etiquetas de equipaje<\/a><\/strong>!<\/p>\n<p>Para ni\u00f1os y ni\u00f1as de<strong> Primaria<\/strong>, en Stikets tienes Packs de etiquetas pensados para distintas necesidades. Te recomendamos el<a href=\"https:\/\/www.stikets.es\/etiquetas.html?utm_source=blog&amp;utm_medium=blog&amp;utm_campaign=lista_para_el_cole_12_8_22&amp;utm_id=blog&amp;utm_term=blog\"><strong> Pack B\u00e1sico y el Pack Tem\u00e1tico<\/strong><\/a> que incluyen termoadhesivas permanentes para la ropa, sobre todo para el uniforme o la equipaci\u00f3n de deporte, que se puede confundir f\u00e1cilmente y queremos asegurarnos que va a estar marcada todo el curso.<\/p>\n<p>Si no quieres planchar, tienes la opci\u00f3n del\u00a0 \u00a0<a href=\"https:\/\/www.stikets.es\/etiquetas.html?utm_source=blog&amp;utm_medium=blog&amp;utm_campaign=lista_para_el_cole_12_8_22&amp;utm_id=blog&amp;utm_term=blog\"><strong> Pack con sello personalizado o el Pack sin plancha<\/strong><\/a>, con adhesivas para ropa. Si quieres la opci\u00f3n m\u00e1s pr\u00e1ctica, con cintas para colgar sin coser y pulseras identificativas para excursiones te recomendamos el <strong><a href=\"https:\/\/www.stikets.es\/etiquetas\/packs\/pack-premium-esp.html\">Pack Premium<\/a><\/strong> \u00a1es la opci\u00f3n m\u00e1s completa y pr\u00e1ctica! Si ya no quieres marcar la ropa de tus hijos te recomendamos el Pack Adhesivas, con m\u00e1s etiquetas para material escolar.<\/p>\n<h2 style=\"font-size: 1.9em;\">2. <strong>\u00bfC\u00f3mo motivar a tu peque para la vuelta al cole?<\/strong><\/h2>\n<p>Despu\u00e9s de las vacaciones de verano, a todos nos cuesta la <strong>vuelta a la normalidad<\/strong> que supone para las familias el<strong> inicio del curso escolar<\/strong>. El cambio de rutina es dif\u00edcil para peque\u00f1os y mayores, pero madres y padres podemos pon\u00e9rselo un poco m\u00e1s f\u00e1cil a nuestros peques facilitando la adaptaci\u00f3n.<\/p>\n<p><img loading=\"lazy\" decoding=\"async\" src=\"https:\/\/www.stikets.es\/blog\/wp-content\/uploads\/2024\/07\/Claves_Vuelta_al_Cole_Organizada_Eficiente_2.jpg\" alt=\"vuelta_al_cole_feliz_stikets\" width=\"900\" height=\"536\" \/><\/p>\n<h3 style=\"font-size: 1.9em;\">2.1 Cont\u00e1giales de tu positivismo y tranquilidad:<\/h3>\n<p>Los ni\u00f1os suelen aprender por imitaci\u00f3n. Si los adultos del hogar se muestran deprimidos y nerviosos ante la perspectiva de volver al trabajo, los peques sentir\u00e1n emociones similares. Muestra positivismo y tranquilidad y ayudar\u00e1s a tus hijos a sentirse m\u00e1s seguros.<\/p>\n<h3 style=\"font-size: 1.9em;\">2.2 Dedica tiempo a resolver sus dudas<\/h3>\n<p>La informaci\u00f3n (sin caer en el exceso o el agobio) es clave para aliviar preocupaciones e inquietudes. Si es peque\u00f1o recu\u00e9rdale con tiempo cuando vuelve al cole, h\u00e1blale de las extraescolares que podr\u00e1 hacer, de actividades que le motiven o de sus profesores y sus mejores amigos. Siempre ayuda hacer alguna<strong> visita al cole antes del inicio del curso<\/strong>. Y por supuesto, resuelve todas sus dudas, sino pueden convertirse en miedos. Les ayudar\u00e1 <strong>recordar aspectos positivos del curso pasado<\/strong> as\u00ed como que nos acerquemos a ellos habl\u00e1ndoles de c\u00f3mo lo viv\u00edamos nosotros.<\/p>\n<h3 style=\"font-size: 1.9em;\">2.3 Preparad juntos la vuelta al cole<\/h3>\n<p><img loading=\"lazy\" decoding=\"async\" src=\"https:\/\/www.stikets.es\/blog\/wp-content\/uploads\/2024\/07\/Claves_Vuelta_al_Cole_Organizada_Eficiente_20.jpg\" alt=\"adaptarse_a_la_guarderia_vuelta_al_cole_stikets\" width=\"900\" height=\"536\" \/><\/p>\n<p>Realizar esta tarea en familia es positivo por muchos motivos. En primer lugar, hacerlos seg\u00fan sus gustos y necesidades le har\u00e1 sentirse mejor y m\u00e1s a gusto con sus cosas. Adem\u00e1s, le ayudar\u00e1s a ser m\u00e1s responsable, seguro y aut\u00f3nomo, porque ser\u00e1 consciente de todo lo que necesita y de lo que ha preparado. Tambi\u00e9n estrechar\u00e9is lazos y valorar\u00e1 tu implicaci\u00f3n en su <strong>vuelta al cole<\/strong>. De esta forma les ayudas a entender que la escuela es importante para su crecimiento personal y para su futuro. Marcarse retos disfrutando del d\u00eda a d\u00eda es la clave. Puedes pensar en juegos o actividades divertidas, similares al calendario de adviento que tanto les gusta, pero para <strong>contar juntos los d\u00edas que quedan para volver al cole.<\/strong><\/p>\n<h3 style=\"font-size: 1.9em;\">2.4 Cambiad los horarios familiares poco a poco<\/h3>\n<p>Seg\u00fan los expertos, el cuerpo puede tardar hasta un mes a adaptarse completamente a un cambio horario de una sola hora. Y sabemos que de vacaciones a<strong> vuelta al cole<\/strong> el salto a superar es mucho mayor. As\u00ed que dif\u00edcilmente podremos evitar el impacto pero si podemos hacerlo m\u00e1s suave <strong>empezando a retomar los horarios un par de semanas antes de empezar el curso.<\/strong><\/p>\n<h3 style=\"font-size: 1.9em;\">2.5 \u00bfC\u00f3mo ayudar a un ni\u00f1o a adaptarse a la guarder\u00eda?<\/h3>\n<p>En el caso de los beb\u00e9s no se trata de una vuelta, sino de un inicio, lo que representa un gran cambio en su d\u00eda a d\u00eda y en el de sus familias. La nueva situaci\u00f3n suele generarnos estr\u00e9s y miedo incluso a los adultos. De la misma forma, los beb\u00e9s notan estas emociones y pueden experimentarlas. Los expertos recomiendan <strong>visitar la guarder\u00eda unos d\u00edas antes de empezar<\/strong>, incluso hacer un<strong> per\u00edodo de adaptaci\u00f3n de poco tiempo al d\u00eda para ir ampli\u00e1ndolo<\/strong>.<a href=\"https:\/\/www.stikets.es\/blog\/como-superar-el-primer-dia-de-guarderia\/\"> Descubre en estos posts m\u00e1s informaci\u00f3n sobre c\u00f3mo hacerlo m\u00e1s f\u00e1cil para tu beb\u00e9 y para ti.<\/a><\/p>\n\n\n<p><\/p>\n","protected":false},"excerpt":{"rendered":"<p>Qu\u00e9 llevar a la guarder\u00eda, parvulario y primaria. Claves para una Vuelta al cole organizada y eficiente. 1. \u00bfQu\u00e9 material necesita para la vuelta al cole? Si tu peque va a empezar la escuela es importante que lo tengas preparado todo su material escolar con antelaci\u00f3n para asegurarte una vuelta al cole sin estr\u00e9s. \u00bfQu\u00e9 [&hellip;]<\/p>\n","protected":false},"author":5,"featured_media":14845,"comment_status":"closed","ping_status":"open","sticky":false,"template":"","format":"standard","meta":{"footnotes":""},"categories":[5,15,18],"tags":[31,35,37,34,36,38,32,33,30],"class_list":["post-14824","post","type-post","status-publish","format-standard","has-post-thumbnail","hentry","category-consejos-practicos","category-organizacion","category-vuelta-al-cole","tag-lista-de-cosas-para-el-cole","tag-lista-de-material-escolar","tag-lista-de-material-escolar-para-primaria","tag-lista-de-material-para-p3-a-p5","tag-material-escolar-para-ninos-de-3-a-6-anos","tag-material-escolar-para-ninos-de-6-a-12-anos","tag-que-llevar-a-la-guarderia","tag-que-llevar-al-parvulario","tag-vuelta-al-cole"],"_links":{"self":[{"href":"https:\/\/www.stikets.es\/blog\/wp-json\/wp\/v2\/posts\/14824","targetHints":{"allow":["GET"]}}],"collection":[{"href":"https:\/\/www.stikets.es\/blog\/wp-json\/wp\/v2\/posts"}],"about":[{"href":"https:\/\/www.stikets.es\/blog\/wp-json\/wp\/v2\/types\/post"}],"author":[{"embeddable":true,"href":"https:\/\/www.stikets.es\/blog\/wp-json\/wp\/v2\/users\/5"}],"replies":[{"embeddable":true,"href":"https:\/\/www.stikets.es\/blog\/wp-json\/wp\/v2\/comments?post=14824"}],"version-history":[{"count":0,"href":"https:\/\/www.stikets.es\/blog\/wp-json\/wp\/v2\/posts\/14824\/revisions"}],"wp:featuredmedia":[{"embeddable":true,"href":"https:\/\/www.stikets.es\/blog\/wp-json\/wp\/v2\/media\/14845"}],"wp:attachment":[{"href":"https:\/\/www.stikets.es\/blog\/wp-json\/wp\/v2\/media?parent=14824"}],"wp:term":[{"taxonomy":"category","embeddable":true,"href":"https:\/\/www.stikets.es\/blog\/wp-json\/wp\/v2\/categories?post=14824"},{"taxonomy":"post_tag","embeddable":true,"href":"https:\/\/www.stikets.es\/blog\/wp-json\/wp\/v2\/tags?post=14824"}],"curies":[{"name":"wp","href":"https:\/\/api.w.org\/{rel}","templated":true}]}}