{"id":1422,"date":"2013-06-06T16:13:36","date_gmt":"2013-06-06T15:13:36","guid":{"rendered":"http:\/\/stikets.com\/blog\/?p=1422"},"modified":"2024-09-11T13:07:38","modified_gmt":"2024-09-11T11:07:38","slug":"etiquetas-para-campamentos-stikets","status":"publish","type":"post","link":"https:\/\/www.stikets.es\/blog\/etiquetas-para-campamentos-stikets\/","title":{"rendered":"Etiquetas para campamentos Stikets"},"content":{"rendered":"<p>Empieza la \u00e9poca de campamentos, en pocas semas tus hijos se ir\u00e1n de campamentos y volver\u00e1n antes de que te des cuenta, pero<strong> \u00bfY sus cosas?<\/strong> Si est\u00e1s buscando etiquetas para marcar todo aquello que se llevar\u00e1n a los campamentos, te facilitaremos unas cuantas soluciones para que vayan bien preparados los d\u00edas que est\u00e1n fuera de casa.<\/p>\n<h3 style=\"font-size: 1.2em;\"><a href=\"https:\/\/www.stikets.es\/etiquetas\/etiquetas-adhesivas.html\"><strong>Etiquetas adhesivas<\/strong><\/a><\/h3>\n<p>Las\u00a0etiquetas adhesivas\u00a0est\u00e1n hechas con un tratamiento especial que las hace resistentes a la intemperie y impermeables.<\/p>\n<p>Est\u00e1n a prueba de campamentos y \u00a1de ni\u00f1os! Te servir\u00e1n para las\u00a0cantimploras, linternas, fiambreras. Una vez colocadas resisten lavavajillas, microondas y frigor\u00edfico, sin problema.<\/p>\n<p>\u00a1Y son fabulosas para el calzado,\u00a0chanclas, deportivas, y sandalias!<\/p>\n<p><a href=\"https:\/\/www.stikets.es\/etiquetas\/etiquetas-adhesivas.html\"><img loading=\"lazy\" decoding=\"async\" class=\"aligncenter wp-image-7292\" title=\"Etiquetas adhesivas\" src=\"https:\/\/www.stikets.es\/blog\/wp-content\/uploads\/2017\/03\/Etiquetas_adhesivas_peque\u00f1as_WIZZARD_ES_C-300x300.jpg\" alt=\"Etiquetas adhesivas\" width=\"800\" height=\"800\" srcset=\"https:\/\/www.stikets.es\/blog\/wp-content\/uploads\/2017\/03\/Etiquetas_adhesivas_peque\u00f1as_WIZZARD_ES_C-300x300.jpg 300w, https:\/\/www.stikets.es\/blog\/wp-content\/uploads\/2017\/03\/Etiquetas_adhesivas_peque\u00f1as_WIZZARD_ES_C-150x150.jpg 150w, https:\/\/www.stikets.es\/blog\/wp-content\/uploads\/2017\/03\/Etiquetas_adhesivas_peque\u00f1as_WIZZARD_ES_C.jpg 564w\" sizes=\"auto, (max-width: 800px) 100vw, 800px\" \/><\/a><\/p>\n<h3 style=\"font-size: 1.2em;\"><a href=\"https:\/\/www.stikets.es\/etiquetas\/etiquetas-ropa.html\"><strong>Etiquetas para ropa<\/strong><\/a><\/h3>\n<p>Las etiquetas para la ropa son indispensables si quieres que todas las prendas vuelvan a casa. Para las camisetas, calcetines o el saco de dormir. Son muy f\u00e1ciles de aplicar, basta con plancharlas en la prenda unos 8-15 segundos, sin vapor y a m\u00e1xima temperatura. Resisten lavadora y secadora sin problema. \u00a1Util\u00edzalas para marcar toda la ropa que se vaya a llevar!<\/p>\n<p>Tenemos distintas medidas en funci\u00f3n de lo que necesites marcar. Para piezas m\u00e1s grandes, como el saco de dormir o toallas, te recomendamos nuestras etiquetas para ropa grandes.<\/p>\n<p>Nuestras etiquetas para ropa peque\u00f1as son ideales para marcar todas las prendas. Todo lo que est\u00e9 marcado volver\u00e1 a casa, aunque seguro que llegar\u00e1n algunas tan sucias que ser\u00e1n irrecuperables.<\/p>\n<p><a href=\"https:\/\/www.stikets.es\/etiquetas\/etiquetas-ropa.html\"><img loading=\"lazy\" decoding=\"async\" class=\"aligncenter wp-image-14138\" title=\"Etiquetas para marcar la ropa \" src=\"https:\/\/www.stikets.es\/blog\/wp-content\/uploads\/2013\/06\/Iron-On_Clothing_Labels_PinkPurple_Tee_ES-300x300.jpg\" alt=\"Etiquetas para marcar la ropa \" width=\"800\" height=\"800\" srcset=\"https:\/\/www.stikets.es\/blog\/wp-content\/uploads\/2013\/06\/Iron-On_Clothing_Labels_PinkPurple_Tee_ES-300x300.jpg 300w, https:\/\/www.stikets.es\/blog\/wp-content\/uploads\/2013\/06\/Iron-On_Clothing_Labels_PinkPurple_Tee_ES-1024x1024.jpg 1024w, https:\/\/www.stikets.es\/blog\/wp-content\/uploads\/2013\/06\/Iron-On_Clothing_Labels_PinkPurple_Tee_ES-150x150.jpg 150w, https:\/\/www.stikets.es\/blog\/wp-content\/uploads\/2013\/06\/Iron-On_Clothing_Labels_PinkPurple_Tee_ES-768x768.jpg 768w, https:\/\/www.stikets.es\/blog\/wp-content\/uploads\/2013\/06\/Iron-On_Clothing_Labels_PinkPurple_Tee_ES.jpg 1200w\" sizes=\"auto, (max-width: 800px) 100vw, 800px\" \/><\/a><\/p>\n<h3 style=\"font-size: 1.2em;\"><a href=\"https:\/\/www.stikets.es\/etiquetas\/etiquetas-para-maletas.html\"><strong>Tags para equipaje<\/strong><\/a><\/h3>\n<p>Los tags para equipaje son la manera m\u00e1s f\u00e1cil, c\u00f3moda y r\u00e1pida de marcar la maleta, la bolsa deportiva o la mochila del cole. Tenemos dos medidas distintas, as\u00ed que tambi\u00e9n puedes encargarlos para las maletas de la familia. Con estos tags las maletas de tus peques est\u00e1n m\u00e1s que seguras, ya que la chapa dispone de un QR el cual facilita la devoluci\u00f3n del objeto a sus propietarios mediante <a href=\"https:\/\/www.stikets.es\/\">Stikets<\/a>!<\/p>\n<p><a href=\"https:\/\/www.stikets.es\/etiquetas\/etiquetas-para-maletas.html\"><img loading=\"lazy\" decoding=\"async\" class=\"aligncenter wp-image-14141\" title=\"Etiquetas para las maletas\" src=\"https:\/\/www.stikets.es\/blog\/wp-content\/uploads\/2013\/06\/Small_Tags_SOS-300x300.jpg\" alt=\"Etiquetas para las maletas\" width=\"800\" height=\"800\" srcset=\"https:\/\/www.stikets.es\/blog\/wp-content\/uploads\/2013\/06\/Small_Tags_SOS-300x300.jpg 300w, https:\/\/www.stikets.es\/blog\/wp-content\/uploads\/2013\/06\/Small_Tags_SOS-150x150.jpg 150w, https:\/\/www.stikets.es\/blog\/wp-content\/uploads\/2013\/06\/Small_Tags_SOS.jpg 700w\" sizes=\"auto, (max-width: 800px) 100vw, 800px\" \/><\/a><\/p>\n<h3 style=\"font-size: 1.2em;\"><a href=\"https:\/\/www.stikets.es\/etiquetas\/etiquetas-personalizadas.html\"><strong>Etiquetas para las alergias<\/strong><\/a><\/h3>\n<p>La preocupaci\u00f3n de los padres, cuando sus hijos padecen una alergia, es mucho mayor, cuando est\u00e1n de campamentos, fuera de su \u00e1mbito habitual. En<a href=\"https:\/\/www.stikets.es\/\"> Stikets<\/a> podr\u00e1s confeccionar sus etiquetas con alguno de nuestros iconos\u00a0 y as\u00ed todos tendr\u00e1s conciencia de su alergia.<\/p>\n<p><img loading=\"lazy\" decoding=\"async\" class=\"aligncenter wp-image-14142\" title=\"Etiquetas personalizadas alerta de alergias \" src=\"https:\/\/www.stikets.es\/blog\/wp-content\/uploads\/2013\/06\/foto-alergias-post-etiquetas-campamentos.jpg\" alt=\"Etiquetas personalizadas alerta de alergias \" width=\"800\" height=\"683\" \/><\/p>\n<h3 style=\"font-size: 1.2em;\"><a href=\"https:\/\/www.stikets.es\/pulseras.html\"><strong>Pulseras identificativas<\/strong><\/a><\/h3>\n<p>Aseg\u00farate que tu hijo siempre lleve encima tu informaci\u00f3n de contacto. Nuestras pulseras identificativas son textiles, c\u00f3modas y antial\u00e9rgicas. Tienen un cierre de seguridad que hace que una vez aplicadas les resulte imposible quit\u00e1rselas. Son una tranquilidad enorme para los padres, tambi\u00e9n para cuando van de campamentos.<\/p>\n<p><a href=\"https:\/\/www.stikets.es\/pulseras.html\"><img loading=\"lazy\" decoding=\"async\" class=\"aligncenter wp-image-14145\" title=\"Pulseras identificativas\" src=\"https:\/\/www.stikets.es\/blog\/wp-content\/uploads\/2013\/06\/NUEVOS_DISENOS_PULSERAS_ES-300x300.jpg\" alt=\"Pulseras identificativas\" width=\"800\" height=\"800\" srcset=\"https:\/\/www.stikets.es\/blog\/wp-content\/uploads\/2013\/06\/NUEVOS_DISENOS_PULSERAS_ES-300x300.jpg 300w, https:\/\/www.stikets.es\/blog\/wp-content\/uploads\/2013\/06\/NUEVOS_DISENOS_PULSERAS_ES-1024x1024.jpg 1024w, https:\/\/www.stikets.es\/blog\/wp-content\/uploads\/2013\/06\/NUEVOS_DISENOS_PULSERAS_ES-150x150.jpg 150w, https:\/\/www.stikets.es\/blog\/wp-content\/uploads\/2013\/06\/NUEVOS_DISENOS_PULSERAS_ES-768x768.jpg 768w, https:\/\/www.stikets.es\/blog\/wp-content\/uploads\/2013\/06\/NUEVOS_DISENOS_PULSERAS_ES.jpg 1200w\" sizes=\"auto, (max-width: 800px) 100vw, 800px\" \/><\/a><\/p>\n<p><strong>\u00a1Buen viaje!<\/strong><\/p>\n","protected":false},"excerpt":{"rendered":"<p>Empieza la \u00e9poca de campamentos, en pocas semas tus hijos se ir\u00e1n de campamentos y volver\u00e1n antes de que te des cuenta, pero \u00bfY sus cosas? Si est\u00e1s buscando etiquetas para marcar todo aquello que se llevar\u00e1n a los campamentos, te facilitaremos unas cuantas soluciones para que vayan bien preparados los d\u00edas que est\u00e1n fuera [&hellip;]<\/p>\n","protected":false},"author":2,"featured_media":14134,"comment_status":"closed","ping_status":"open","sticky":false,"template":"","format":"standard","meta":{"footnotes":""},"categories":[5,19],"tags":[],"class_list":["post-1422","post","type-post","status-publish","format-standard","has-post-thumbnail","hentry","category-consejos-practicos","category-verano-con-ninos"],"_links":{"self":[{"href":"https:\/\/www.stikets.es\/blog\/wp-json\/wp\/v2\/posts\/1422","targetHints":{"allow":["GET"]}}],"collection":[{"href":"https:\/\/www.stikets.es\/blog\/wp-json\/wp\/v2\/posts"}],"about":[{"href":"https:\/\/www.stikets.es\/blog\/wp-json\/wp\/v2\/types\/post"}],"author":[{"embeddable":true,"href":"https:\/\/www.stikets.es\/blog\/wp-json\/wp\/v2\/users\/2"}],"replies":[{"embeddable":true,"href":"https:\/\/www.stikets.es\/blog\/wp-json\/wp\/v2\/comments?post=1422"}],"version-history":[{"count":0,"href":"https:\/\/www.stikets.es\/blog\/wp-json\/wp\/v2\/posts\/1422\/revisions"}],"wp:featuredmedia":[{"embeddable":true,"href":"https:\/\/www.stikets.es\/blog\/wp-json\/wp\/v2\/media\/14134"}],"wp:attachment":[{"href":"https:\/\/www.stikets.es\/blog\/wp-json\/wp\/v2\/media?parent=1422"}],"wp:term":[{"taxonomy":"category","embeddable":true,"href":"https:\/\/www.stikets.es\/blog\/wp-json\/wp\/v2\/categories?post=1422"},{"taxonomy":"post_tag","embeddable":true,"href":"https:\/\/www.stikets.es\/blog\/wp-json\/wp\/v2\/tags?post=1422"}],"curies":[{"name":"wp","href":"https:\/\/api.w.org\/{rel}","templated":true}]}}